{"id":6,"date":"2013-10-16T17:05:06","date_gmt":"2013-10-16T17:05:06","guid":{"rendered":"http:\/\/www.muveszetterapia.hu\/wp\/?p=1"},"modified":"2013-10-16T17:05:06","modified_gmt":"2013-10-16T17:05:06","slug":"hello-vilag","status":"publish","type":"post","link":"https:\/\/muveszetterapia.hu\/new\/blog\/2013\/10\/16\/hello-vilag\/","title":{"rendered":"G\u00e9zeng\u00faz"},"content":{"rendered":"<h3 style=\"text-align: left;padding-left: 30px\" align=\"center\"><\/h3>\n<h3 style=\"text-align: left;padding-left: 30px\" align=\"center\">M\u0171v\u00e9szetter\u00e1pia gyerekeknek<\/h3>\n<p style=\"text-align: left;padding-left: 30px\"><a href=\"https:\/\/muveszetterapia.hu\/new\/wp-content\/uploads\/2014\/02\/Muveszetterapia_Gezenguz_2013-14.jpg\"><img loading=\"lazy\" decoding=\"async\" class=\"size-medium wp-image-19 alignleft\" alt=\"Muveszetterapia_Gezenguz_2013-14\" src=\"https:\/\/muveszetterapia.hu\/new\/wp-content\/uploads\/2014\/02\/Muveszetterapia_Gezenguz_2013-14-211x300.jpg\" width=\"211\" height=\"300\" \/><\/a><\/p>\n<p style=\"text-align: left;padding-left: 30px\" align=\"center\">KREAT\u00cdV ALKOT\u00d3 CSOPORT<\/p>\n<p style=\"text-align: left;padding-left: 30px\" align=\"center\">c\u00edmmel<\/p>\n<p style=\"text-align: left;padding-left: 30px\" align=\"center\"><a href=\"http:\/\/gezenguz.hu\/\" target=\"_blank\" rel=\"noopener noreferrer\">A G\u00c9ZENG\u00daZ ALAP\u00cdV\u00c1NY<\/a><\/p>\n<p style=\"text-align: left;padding-left: 30px\" align=\"center\">CSEPPEK H\u00c1Z\u00c1BAN<\/p>\n<p style=\"text-align: left\" align=\"center\">2013. okt\u00f3ber 8-t\u00f3l folyamatosan<\/p>\n<p style=\"text-align: left\" align=\"center\">minden kedden 16.30-17.30-ig<\/p>\n<p style=\"text-align: left\" align=\"center\">C\u00edm: 2011 Budakal\u00e1sz, Sport u. 3.<\/p>\n<p style=\"text-align: left;padding-left: 30px\" align=\"center\">Telefon: 26\/546-327<\/p>\n<p style=\"text-align: left;padding-left: 30px\" align=\"center\">20\/507-5027<\/p>\n<p style=\"text-align: left;padding-left: 30px\" align=\"center\"><a href=\"http:\/\/gezenguz.hu\/\" target=\"_blank\" rel=\"noopener noreferrer\">gezenguz.hu<\/a><\/p>\n<p style=\"text-align: left;padding-left: 30px\" align=\"center\"><a href=\"http:\/\/gezenguz.hu\/\"><img loading=\"lazy\" decoding=\"async\" class=\"alignleft\" alt=\"G\u00e9zeng\u00faz Alap\u00edtv\u00e1ny\" src=\"http:\/\/muveszetterapia.hu\/kepek\/gezenguz.jpg\" width=\"200\" height=\"96\" \/><\/a><\/p>\n<p>&nbsp;<\/p>\n<p style=\"text-align: left;padding-left: 30px\" align=\"center\"><strong>A csoportot aj\u00e1nlom mindazon gyermekeknek:<\/strong><\/p>\n<blockquote>\n<ul style=\"text-align: left;padding-left: 30px\">\n<li style=\"padding-left: 30px\">akiknek sz\u00fcks\u00e9g\u00fck\u00fck van oldott hangulat\u00fa k\u00f6z\u00f6s tev\u00e9kenys\u00e9gre, egy\u00fctt-munk\u00e1lkod\u00e1sra,<\/li>\n<li style=\"padding-left: 30px\">akik szeretn\u00e9nek az iskolai tev\u00e9kenys\u00e9gb\u0151l kikapcsol\u00f3dni,<\/li>\n<li style=\"padding-left: 30px\">akiknek kreat\u00edv alkot\u00f3 kedve gyakran \u00e9ber,<\/li>\n<li style=\"padding-left: 30px\">akik \u00fagy \u00e9rzik, szeretn\u00e9k egy \u00faj arcukat megismerni<\/li>\n<\/ul>\n<\/blockquote>\n<p style=\"text-align: left;padding-left: 30px\">A k\u00f6z\u00f6s alkot\u00e1s, besz\u00e9lget\u00e9s siker\u00e9lm\u00e9nyt \u00e9s f\u00f6lold\u00f3d\u00e1st ad a mindennapi fesz\u00fclts\u00e9gek k\u00f6zepette, hogy f\u00f6lt\u00f6lt\u0151dve vid\u00e1man folytathassa ki-ki a maga tev\u00e9kenys\u00e9g\u00e9t.<\/p>\n<p style=\"text-align: left;padding-left: 30px\">A csoportos foglalkoz\u00e1sokon rajzos, kreat\u00edv eszk\u00f6z\u00f6ket haszn\u00e1lunk. Megismerj\u00fck egym\u00e1s munk\u00e1it, \u00f6tleteit, megbesz\u00e9lj\u00fck azokat. E tev\u00e9kenys\u00e9g k\u00f6zepette javul a gyermekek kommunik\u00e1ci\u00f3s k\u00e9pess\u00e9ge \u00e9s cs\u00f6kken aktu\u00e1lis szorong\u00e1suk szintje, \u00edgy kiegyens\u00falyozottabb gyermekekk\u00e9 v\u00e1lhatnak.<\/p>\n<blockquote>\n<ul>\n<li>A kreat\u00edv, alkot\u00f3 folyamat j\u00f3t\u00e9konyan hat a szorong\u00e1sok, \u00f6n\u00e9rt\u00e9kel\u00e9si neh\u00e9zs\u00e9gek lek\u00fczd\u00e9s\u00e9ben, az emp\u00e1ti\u00e1s k\u00e9szs\u00e9g meger\u0151s\u00f6d\u00e9s\u00e9ben, az \u00e9rzelmek stabiliz\u00e1l\u00f3d\u00e1s\u00e1ban.<br \/>\nA k\u00e9pi kifejez\u00e9s hangs\u00falyosabb a korai szem\u00e9lyis\u00e9gfejl\u0151d\u00e9s sor\u00e1n. Tapasztalhatjuk, hogy a gyermekek rajzokban mes\u00e9lik el a benn\u00fck \u00e9s k\u00f6r\u00fcl\u00f6tt\u00fck zajl\u00f3 esem\u00e9nyeket. \u00c9rtik a szimb\u00f3lumokat \u00e9s haszn\u00e1lj\u00e1k is \u0151ket. Az \u00e1lom nyelvezete \u00e9s vil\u00e1ga is eg\u00e9szen term\u00e9szetes sz\u00e1mukra. Gyakran \u00e1lmukb\u00f3l \u00e9bredve csod\u00e1lkoznak, hogy nem az folytat\u00f3dik, amit \u00e9bred\u00e9s el\u0151tt l\u00e1ttak.<br \/>\nAmikor id\u0151sebb gyermekek, fiatalok, feln\u0151ttek rajzolnak \u2013 b\u00e1r el\u0151sz\u00f6r rajzi \u00fcgyess\u00e9g\u00fck vagy v\u00e9lt \u00fcgyetlens\u00e9g\u00fck az els\u0151 akad\u00e1ly \u2013 hasonl\u00f3 felold\u00f3d\u00e1st, kifejez\u0151 \u00e9lm\u00e9nyt, rendez\u0151d\u00e9st \u00e9s megnyugv\u00e1st tapasztalnak, mint a kicsiny gyermekek.<br \/>\nEz az \u00f6szt\u00f6n\u00f6sen, \u00f6nk\u00e9ntelen\u00fcl is m\u0171k\u00f6d\u0151 hat\u00e1s, mely ak\u00e1r gy\u00f3gy\u00edt\u00f3 erej\u0171 is lehet.<\/li>\n<\/ul>\n<\/blockquote>\n<p style=\"text-align: left;padding-left: 30px\" align=\"center\">Jelentkez\u00e9s, inform\u00e1ci\u00f3:<\/p>\n<p style=\"text-align: left;padding-left: 30px\" align=\"center\">GYIM\u00d3THY G\u00c1BOR<\/p>\n<p style=\"text-align: left;padding-left: 30px\" align=\"center\">m\u0171v\u00e9szetterapeuta, ment\u00e1lhigi\u00e9n\u00e9s szakember<\/p>\n<p style=\"text-align: left;padding-left: 30px\" align=\"center\">30\/391-8004<\/p>\n<p style=\"text-align: left;padding-left: 30px\" align=\"center\">:::<\/p>\n","protected":false},"excerpt":{"rendered":"<p>M\u0171v\u00e9szetter\u00e1pia gyerekeknek KREAT\u00cdV ALKOT\u00d3 CSOPORT c\u00edmmel A G\u00c9ZENG\u00daZ ALAP\u00cdV\u00c1NY CSEPPEK H\u00c1Z\u00c1BAN 2013. okt\u00f3ber 8-t\u00f3l folyamatosan minden kedden 16.30-17.30-ig C\u00edm: 2011 Budakal\u00e1sz, Sport u. 3. Telefon:&hellip; <\/p>\n","protected":false},"author":2,"featured_media":0,"comment_status":"open","ping_status":"open","sticky":false,"template":"","format":"standard","meta":{"_jetpack_memberships_contains_paid_content":false,"footnotes":""},"categories":[5],"tags":[2,3,4,6,7,8,9,10,11],"class_list":["post-6","post","type-post","status-publish","format-standard","hentry","category-egyeb","tag-alapitvany","tag-alkotas","tag-cseppek-haza","tag-gezenguz","tag-gyerek-csoport","tag-gyogyito","tag-kreativ-foglalkozas","tag-muveszetterapia","tag-rajz"],"jetpack_featured_media_url":"","jetpack_sharing_enabled":true,"jetpack-related-posts":[{"id":23,"url":"https:\/\/muveszetterapia.hu\/new\/blog\/2014\/02\/18\/nyari-intenziv-kreativ-het\/","url_meta":{"origin":6,"position":0},"title":"Ny\u00e1ri intenz\u00edv kreat\u00edv h\u00e9t","author":"Gyim\u00f3thy G\u00e1bor","date":"febru\u00e1r 18, 2014","format":false,"excerpt":"Mi a c\u00e9lod? Merre tartasz? - c\u00edmmel 5 napos intenz\u00edv kreat\u00edv \u00f6nismereti tr\u00e9ning indul feln\u0151ttek sz\u00e1m\u00e1ra a ny\u00e1ron! Tervezett id\u0151pontok: 2014. j\u00falius 7-11. \u00e9s j\u00falius 21-25. A csoportfoglalkoz\u00e1sok 9.00-16.00\u00a0\u00f3r\u00e1ig tartanak. A tr\u00e9ning alkalm\u00e1val m\u0171v\u00e9szetter\u00e1pi\u00e1s eszk\u00f6z\u00f6kkel dolgozunk. Ez azt jelenti, hogy rajzi eszk\u00f6z\u00f6ket haszn\u00e1lunk az \u00f6nismereti t\u00e9m\u00e1k f\u00f6ldolgoz\u00e1s\u00e1ban. Semmif\u00e9le rajzos, m\u0171v\u00e9szeti\u2026","rel":"","context":"In &quot;Egy\u00e9b&quot;","block_context":{"text":"Egy\u00e9b","link":"https:\/\/muveszetterapia.hu\/new\/blog\/category\/egyeb\/"},"img":{"alt_text":"kaleid1","src":"https:\/\/i0.wp.com\/muveszetterapia.hu\/new\/wp-content\/uploads\/2014\/02\/kaleid1-168x300.jpg?resize=350%2C200&ssl=1","width":350,"height":200},"classes":[]},{"id":173,"url":"https:\/\/muveszetterapia.hu\/new\/blog\/2014\/02\/21\/szeretettel-koszontjuk\/","url_meta":{"origin":6,"position":1},"title":"A m\u0171v\u00e9szetter\u00e1pi\u00e1r\u00f3l r\u00f6viden","author":"Gyim\u00f3thy G\u00e1bor","date":"febru\u00e1r 21, 2014","format":false,"excerpt":"Szeretettel k\u00f6sz\u00f6ntj\u00fck! A m\u0171v\u00e9szetter\u00e1pia, mely lehet k\u00e9pz\u0151m\u0171v\u00e9szet-ter\u00e1pia, zene-ter\u00e1pia, mozg\u00e1s-ter\u00e1pia, olyan kreat\u00edv tev\u00e9kenys\u00e9g, mely sor\u00e1n az alkot\u00f3 illetve befogad\u00f3 szem\u00e9ly szavakkal alig \u00a0vagy \u00a0nem \u00a0kifejezhet\u0151 tartalmakkal tal\u00e1lkozik. P\u00e9ld\u00e1ul nehezen megfogalmazhat\u00f3 \u00e9rzelmekkel, eml\u00e9kekkel, konfliktusokkal, gondolatokkal. Ezeket a tapasztalatokat tudatos\u00edthatja a r\u00e9sztvev\u0151 mag\u00e1ban\u00a0 k\u00e9zzelfoghat\u00f3 alkot\u00e1s (rajz, festm\u00e9ny, zene, mozdulat, t\u00e1nc) seg\u00edts\u00e9g\u00e9vel, \u00e9s ak\u00e1r\u2026","rel":"","context":"In &quot;Egy\u00e9b&quot;","block_context":{"text":"Egy\u00e9b","link":"https:\/\/muveszetterapia.hu\/new\/blog\/category\/egyeb\/"},"img":{"alt_text":"","src":"https:\/\/i0.wp.com\/muveszetterapia.hu\/new\/wp-content\/uploads\/2014\/02\/kozosrajz.jpg?resize=350%2C200&ssl=1","width":350,"height":200,"srcset":"https:\/\/i0.wp.com\/muveszetterapia.hu\/new\/wp-content\/uploads\/2014\/02\/kozosrajz.jpg?resize=350%2C200&ssl=1 1x, https:\/\/i0.wp.com\/muveszetterapia.hu\/new\/wp-content\/uploads\/2014\/02\/kozosrajz.jpg?resize=525%2C300&ssl=1 1.5x"},"classes":[]},{"id":1877,"url":"https:\/\/muveszetterapia.hu\/new\/blog\/2021\/12\/30\/komplex-alkotasterapias-kepzes-online\/","url_meta":{"origin":6,"position":2},"title":"Komplex Alkot\u00e1ster\u00e1pi\u00e1s K\u00e9pz\u00e9s &#8211; online 2022.01.24- t\u0151l","author":"Gyim\u00f3thy G\u00e1bor","date":"december 30, 2021","format":false,"excerpt":"90 \u00f3r\u00e1s komplex m\u0171v\u00e9szetter\u00e1pi\u00e1s m\u00f3dszerspecifikus k\u00e9pz\u00e9s - Online Ebben a k\u00fcl\u00f6nleges k\u00e9pz\u00e9sben megismerheted a m\u0171v\u00e9szetter\u00e1pia, a mesedr\u00e1ma \u00e9s irodalomter\u00e1pia eszk\u00f6zeit \u00e9s alkalmaz\u00e1si lehet\u0151s\u00e9geit a seg\u00edt\u0151 folyamatokban. Alkalmazd a k\u00e9pz\u0151m\u0171v\u00e9szetet, a mes\u00e9ket \u00e9s a sz\u00e9pirodalmi m\u0171veket, mint t\u00e1mogat\u00f3 eszk\u00f6z\u00f6ket \u00a0a tan\u00e1csad\u00e1s b\u00e1rmely ter\u00fclet\u00e9n \u00a0seg\u00edt\u0151 szakemberk\u00e9nt: tan\u00e1csad\u00f3k\u00e9nt, pszichol\u00f3gusk\u00e9nt, coachk\u00e9nt, gy\u00f3gypedag\u00f3gusk\u00e9nt, dr\u00e1ma pedag\u00f3gusk\u00e9nt.\u2026","rel":"","context":"In &quot;Cikkek&quot;","block_context":{"text":"Cikkek","link":"https:\/\/muveszetterapia.hu\/new\/blog\/category\/cikkek\/"},"img":{"alt_text":"","src":"https:\/\/i0.wp.com\/muveszetterapia.hu\/new\/wp-content\/uploads\/2018\/10\/OBU5ZAY01H.jpg?resize=350%2C200&ssl=1","width":350,"height":200},"classes":[]},{"id":1959,"url":"https:\/\/muveszetterapia.hu\/new\/blog\/2023\/09\/01\/onismereti-utazas-a-muveszetterapia-segitsegevel-online-forma-zoom-es-jelenleti-forma-2023-szeptember-vegetol-oktober-elejetol\/","url_meta":{"origin":6,"position":3},"title":"M\u0171v\u00e9szetter\u00e1pi\u00e1s \u00f6nismereti csoport &#8211; \u00d6nismereti utaz\u00e1s a m\u0171v\u00e9szetter\u00e1pia seg\u00edts\u00e9g\u00e9vel \u2013 jelenl\u00e9ti forma \u2013 2023. okt\u00f3ber 11-t\u0151l &#8211; A csoport elindult","author":"Gyim\u00f3thy G\u00e1bor","date":"szeptember 1, 2023","format":false,"excerpt":"M\u0171v\u00e9szetter\u00e1pi\u00e1s \u00f6nismereti csoport - \u00d6nismereti utaz\u00e1s a m\u0171v\u00e9szetter\u00e1pia seg\u00edts\u00e9g\u00e9vel \u2013 jelenl\u00e9ti forma \u2013 2023. okt\u00f3ber 11- t\u0151l Ha m\u00e9g nem tal\u00e1lkozt\u00e1l a m\u0171v\u00e9szetter\u00e1pi\u00e1val \u00e9s szeretn\u00e9d megismeri a m\u00f3dszert \u00fagy, hogy k\u00f6zben Magadat is m\u00e9lyebben f\u00f6lfedezheted, elfogadhatod, akkor itt a helyed. Vagy, ha ismer\u0151s a m\u0171v\u00e9szetter\u00e1pia \u00e9s szeretn\u00e9l tov\u00e1bb haladni \u00f6nismereti\u2026","rel":"","context":"In &quot;Cikkek&quot;","block_context":{"text":"Cikkek","link":"https:\/\/muveszetterapia.hu\/new\/blog\/category\/cikkek\/"},"img":{"alt_text":"","src":"https:\/\/i0.wp.com\/muveszetterapia.hu\/new\/wp-content\/uploads\/2023\/09\/0_art-pictures-paper-pencil-color-room-creation_esrgan-v1-x2plus-FILEminimizer.png?resize=350%2C200&ssl=1","width":350,"height":200,"srcset":"https:\/\/i0.wp.com\/muveszetterapia.hu\/new\/wp-content\/uploads\/2023\/09\/0_art-pictures-paper-pencil-color-room-creation_esrgan-v1-x2plus-FILEminimizer.png?resize=350%2C200&ssl=1 1x, https:\/\/i0.wp.com\/muveszetterapia.hu\/new\/wp-content\/uploads\/2023\/09\/0_art-pictures-paper-pencil-color-room-creation_esrgan-v1-x2plus-FILEminimizer.png?resize=525%2C300&ssl=1 1.5x, https:\/\/i0.wp.com\/muveszetterapia.hu\/new\/wp-content\/uploads\/2023\/09\/0_art-pictures-paper-pencil-color-room-creation_esrgan-v1-x2plus-FILEminimizer.png?resize=700%2C400&ssl=1 2x"},"classes":[]},{"id":2568,"url":"https:\/\/muveszetterapia.hu\/new\/blog\/2025\/12\/06\/komplex-alkotasterapias-kepzes-100-ora-online-2026-01-12-2026-07-06\/","url_meta":{"origin":6,"position":4},"title":"Komplex Alkot\u00e1ster\u00e1pi\u00e1s K\u00e9pz\u00e9s &#8211; 100 \u00f3ra Online\u00a02026. 01.12 &#8211; 2026. 07.06.","author":"Gyim\u00f3thy G\u00e1bor","date":"december 6, 2025","format":false,"excerpt":"Ebben a k\u00fcl\u00f6nleges m\u00f3dszersepcifikus k\u00e9pz\u00e9sben, melyeket seg\u00edt\u0151 szakembereknek aj\u00e1nlunk, megismerheted az alkot\u00e1ster\u00e1pia, a mesedr\u00e1ma \u00e9s irodalomter\u00e1pia eszk\u00f6zeit \u00e9s alkalmaz\u00e1si lehet\u0151s\u00e9geit a seg\u00edt\u0151 folyamatokban. N\u00e1lunk az alkot\u00e1son a hangs\u00faly! Alkalmazd a k\u00e9pz\u0151m\u0171v\u00e9szetet, a mes\u00e9ket \u00e9s a sz\u00e9pirodalmi m\u0171veket, mint t\u00e1mogat\u00f3 eszk\u00f6z\u00f6ket a tan\u00e1csad\u00e1s b\u00e1rmely ter\u00fclet\u00e9n seg\u00edt\u0151 szakemberk\u00e9nt: pszichol\u00f3gusk\u00e9nt, ment\u00e1lhigi\u00e9niai szakemberk\u00e9nt, pedag\u00f3gusk\u00e9nt,\u2026","rel":"","context":"In &quot;Cikkek&quot;","block_context":{"text":"Cikkek","link":"https:\/\/muveszetterapia.hu\/new\/blog\/category\/cikkek\/"},"img":{"alt_text":"","src":"https:\/\/i0.wp.com\/muveszetterapia.hu\/new\/wp-content\/uploads\/2025\/12\/szinek-aradata-szinek-a-falakon1.jpg?resize=350%2C200&ssl=1","width":350,"height":200,"srcset":"https:\/\/i0.wp.com\/muveszetterapia.hu\/new\/wp-content\/uploads\/2025\/12\/szinek-aradata-szinek-a-falakon1.jpg?resize=350%2C200&ssl=1 1x, https:\/\/i0.wp.com\/muveszetterapia.hu\/new\/wp-content\/uploads\/2025\/12\/szinek-aradata-szinek-a-falakon1.jpg?resize=525%2C300&ssl=1 1.5x, https:\/\/i0.wp.com\/muveszetterapia.hu\/new\/wp-content\/uploads\/2025\/12\/szinek-aradata-szinek-a-falakon1.jpg?resize=700%2C400&ssl=1 2x, https:\/\/i0.wp.com\/muveszetterapia.hu\/new\/wp-content\/uploads\/2025\/12\/szinek-aradata-szinek-a-falakon1.jpg?resize=1050%2C600&ssl=1 3x, https:\/\/i0.wp.com\/muveszetterapia.hu\/new\/wp-content\/uploads\/2025\/12\/szinek-aradata-szinek-a-falakon1.jpg?resize=1400%2C800&ssl=1 4x"},"classes":[]},{"id":1863,"url":"https:\/\/muveszetterapia.hu\/new\/blog\/2021\/02\/09\/komplex-alkotasterapias-kepzes-2021-03-01-tol-online-eszkozokkel\/","url_meta":{"origin":6,"position":5},"title":"Komplex Alkot\u00e1ster\u00e1pi\u00e1s K\u00e9pz\u00e9s 2021. 03. 01-t\u0151l \u2013 Online eszk\u00f6z\u00f6kkel","author":"Gyim\u00f3thy G\u00e1bor","date":"febru\u00e1r 9, 2021","format":false,"excerpt":"90 \u00f3r\u00e1s komplex online m\u0171v\u00e9szetter\u00e1pi\u00e1s m\u00f3dszerspecifikus k\u00e9pz\u00e9s Ebben a k\u00fcl\u00f6nleges k\u00e9pz\u00e9sben megismerheted a m\u0171v\u00e9szetter\u00e1pia, a mesedr\u00e1ma \u00e9s irodalomter\u00e1pia eszk\u00f6zeit \u00e9s alkalmaz\u00e1si lehet\u0151s\u00e9geit a seg\u00edt\u0151 folyamatokban. \u200bAlkalmazd a k\u00e9pz\u0151m\u0171v\u00e9szetet, a mes\u00e9ket \u00e9s a sz\u00e9pirodalmi m\u0171veket, mint t\u00e1mogat\u00f3 eszk\u00f6z\u00f6ket \u00a0a tan\u00e1csad\u00e1s b\u00e1rmely ter\u00fclet\u00e9n \u00a0seg\u00edt\u0151 szakemberk\u00e9nt: tan\u00e1csad\u00f3k\u00e9nt, pszichol\u00f3gusk\u00e9nt, coachk\u00e9nt, gy\u00f3gypedag\u00f3gusk\u00e9nt, dr\u00e1ma pedag\u00f3gusk\u00e9nt. \u200bMindh\u00e1rom\u2026","rel":"","context":"In &quot;Cikkek&quot;","block_context":{"text":"Cikkek","link":"https:\/\/muveszetterapia.hu\/new\/blog\/category\/cikkek\/"},"img":{"alt_text":"","src":"https:\/\/i0.wp.com\/muveszetterapia.hu\/new\/wp-content\/uploads\/2021\/02\/ecsetek.jpeg?resize=350%2C200&ssl=1","width":350,"height":200,"srcset":"https:\/\/i0.wp.com\/muveszetterapia.hu\/new\/wp-content\/uploads\/2021\/02\/ecsetek.jpeg?resize=350%2C200&ssl=1 1x, https:\/\/i0.wp.com\/muveszetterapia.hu\/new\/wp-content\/uploads\/2021\/02\/ecsetek.jpeg?resize=525%2C300&ssl=1 1.5x, https:\/\/i0.wp.com\/muveszetterapia.hu\/new\/wp-content\/uploads\/2021\/02\/ecsetek.jpeg?resize=700%2C400&ssl=1 2x"},"classes":[]}],"_links":{"self":[{"href":"https:\/\/muveszetterapia.hu\/new\/wp-json\/wp\/v2\/posts\/6","targetHints":{"allow":["GET"]}}],"collection":[{"href":"https:\/\/muveszetterapia.hu\/new\/wp-json\/wp\/v2\/posts"}],"about":[{"href":"https:\/\/muveszetterapia.hu\/new\/wp-json\/wp\/v2\/types\/post"}],"author":[{"embeddable":true,"href":"https:\/\/muveszetterapia.hu\/new\/wp-json\/wp\/v2\/users\/2"}],"replies":[{"embeddable":true,"href":"https:\/\/muveszetterapia.hu\/new\/wp-json\/wp\/v2\/comments?post=6"}],"version-history":[{"count":0,"href":"https:\/\/muveszetterapia.hu\/new\/wp-json\/wp\/v2\/posts\/6\/revisions"}],"wp:attachment":[{"href":"https:\/\/muveszetterapia.hu\/new\/wp-json\/wp\/v2\/media?parent=6"}],"wp:term":[{"taxonomy":"category","embeddable":true,"href":"https:\/\/muveszetterapia.hu\/new\/wp-json\/wp\/v2\/categories?post=6"},{"taxonomy":"post_tag","embeddable":true,"href":"https:\/\/muveszetterapia.hu\/new\/wp-json\/wp\/v2\/tags?post=6"}],"curies":[{"name":"wp","href":"https:\/\/api.w.org\/{rel}","templated":true}]}}