{"id":324,"date":"2015-10-06T10:38:13","date_gmt":"2015-10-06T10:38:13","guid":{"rendered":"http:\/\/www.muveszetterapia.hu\/?p=324"},"modified":"2020-03-11T14:38:19","modified_gmt":"2020-03-11T14:38:19","slug":"alkotasterapias-tanfolyam","status":"publish","type":"post","link":"https:\/\/muveszetterapia.hu\/new\/blog\/2015\/10\/06\/alkotasterapias-tanfolyam\/","title":{"rendered":"Alkot\u00e1ster\u00e1pi\u00e1s tanfolyam"},"content":{"rendered":"<div class=\"group-header\">\n<div id=\"node_kurzus_full_group_header_left\" class=\"group-header-left field-group-div\">\n<div class=\"field field-name-title field-type-ds field-label-hidden clearfix\">\n<div class=\"field-items\">\n<div class=\"field-item even first-item last-item item-0\">\n<h1>Alkot\u00e1ster\u00e1pia<\/h1>\n<\/div>\n<\/div>\n<\/div>\n<h2><strong><a href=\"https:\/\/muveszetterapia.hu\/new\/wp-content\/uploads\/2015\/10\/Siralypar1.jpg\"><img loading=\"lazy\" decoding=\"async\" class=\"size-medium wp-image-331 alignleft\" src=\"https:\/\/muveszetterapia.hu\/new\/wp-content\/uploads\/2015\/10\/Siralypar1-214x300.jpg\" alt=\"alkot\u00e1ster\u00e1pi\u00e1hoz k\u00e9sz\u00fclt k\u00e9p\" width=\"214\" height=\"300\" srcset=\"https:\/\/muveszetterapia.hu\/new\/wp-content\/uploads\/2015\/10\/Siralypar1-214x300.jpg 214w, https:\/\/muveszetterapia.hu\/new\/wp-content\/uploads\/2015\/10\/Siralypar1.jpg 388w\" sizes=\"auto, (max-width: 214px) 100vw, 214px\" \/><\/a>Alkot\u00e1ster\u00e1pi\u00e1s tanfolyam indul<\/strong><\/h2>\n<h3><strong>2015. November 3-\u00e1n<\/strong> a Luk\u00e1cs Oktat\u00e1si K\u00f6zpontban, Budapesten a II. ker\u00fcletben.<\/h3>\n<div class=\"field-label\">\n<h2><em>A k\u00e9pz\u00e9sr\u0151l<br \/>\n<\/em><\/h2>\n<\/div>\n<div class=\"field-items\">\n<div class=\"field-item even first-item last-item item-0\">\n<p>A tanfolyamra azokat v\u00e1rjuk, akik saj\u00e1t tev\u00e9kenys\u00e9g\u00fcket szeretn\u00e9k b\u0151v\u00edteni egy \u00fajszer\u0171, kreat\u00edv m\u00f3dszerrel, mely <u>els\u0151sorban a vizu\u00e1lis kifejez\u00e9s &#8211; form\u00e1k meg\u00e9rt\u00e9s\u00e9vel \u00e9s haszn\u00e1lat\u00e1val dolgozik. <\/u><\/p>\n<h2><em>Kiknek aj\u00e1nljuk a tanfolyamot?<\/em><\/h2>\n<p>Els\u0151sorban csal\u00e1dokkal (benne feln\u0151tt p\u00e1rokkal), gyermekekkel foglalkoz\u00f3 seg\u00edt\u0151 tev\u00e9kenys\u00e9g\u0171-szeml\u00e9let\u0171 koll\u00e9g\u00e1knak. \u00c9s term\u00e9szetesen minden seg\u00edt\u0151 tev\u00e9kenys\u00e9gben dolgoz\u00f3 szakembernek!<\/p>\n<p>A kor\u00e1bbi rajzelemz\u00e9s tanfolyammal kisebb \u00e1tfed\u00e9ssel, de sok-sok \u00fajdons\u00e1ggal, gyakorlati \u00f6tlettel, \u00e9rdekes m\u00f3dszerrel szeretn\u00e9nk megk\u00edn\u00e1lni a kedves jelentkez\u0151ket.<\/p>\n<\/div>\n<\/div>\n<p>Tov\u00e1bbi inform\u00e1ci\u00f3: <a href=\"http:\/\/tanacsadokiskolaja.hu\/tanfolyam\/alkotasterapia\" target=\"new\" rel=\"noopener noreferrer\">Tan\u00e1csad\u00f3k Iskol\u00e1ja<\/a><\/p>\n<\/div>\n<\/div>\n","protected":false},"excerpt":{"rendered":"<p>Alkot\u00e1ster\u00e1pia Alkot\u00e1ster\u00e1pi\u00e1s tanfolyam indul 2015. November 3-\u00e1n a Luk\u00e1cs Oktat\u00e1si K\u00f6zpontban, Budapesten a II. ker\u00fcletben. A k\u00e9pz\u00e9sr\u0151l A tanfolyamra azokat v\u00e1rjuk, akik saj\u00e1t tev\u00e9kenys\u00e9g\u00fcket szeretn\u00e9k&hellip; <\/p>\n","protected":false},"author":2,"featured_media":1479,"comment_status":"open","ping_status":"open","sticky":false,"template":"","format":"standard","meta":{"_jetpack_memberships_contains_paid_content":false,"footnotes":""},"categories":[5],"tags":[76,77,78],"class_list":["post-324","post","type-post","status-publish","format-standard","has-post-thumbnail","hentry","category-egyeb","tag-alkotasterapia","tag-lukacs-oktatasi-kozpont","tag-tanacsadok-iskolaja"],"jetpack_featured_media_url":"https:\/\/muveszetterapia.hu\/new\/wp-content\/uploads\/2018\/10\/VW4AEQQGCY.jpg","jetpack_sharing_enabled":true,"jetpack-related-posts":[{"id":2339,"url":"https:\/\/muveszetterapia.hu\/new\/blog\/2025\/08\/13\/komplex-alkotasterapias-kepzes-100-ora-online-2025-10-06-2026-04-27\/","url_meta":{"origin":324,"position":0},"title":"Komplex Alkot\u00e1ster\u00e1pi\u00e1s K\u00e9pz\u00e9s &#8211; 100 \u00f3ra Online\u00a02025. 10.06 &#8211; 2026. 04.27.","author":"Gyim\u00f3thy G\u00e1bor","date":"augusztus 13, 2025","format":false,"excerpt":"Ebben a k\u00fcl\u00f6nleges k\u00e9pz\u00e9sben megismerheted az alkot\u00e1ster\u00e1pia, a mesedr\u00e1ma \u00e9s irodalomter\u00e1pia eszk\u00f6zeit \u00e9s alkalmaz\u00e1si lehet\u0151s\u00e9geit a seg\u00edt\u0151 folyamatokban. N\u00e1lunk az alkot\u00e1son a hangs\u00faly!Alkalmazd a k\u00e9pz\u0151m\u0171v\u00e9szetet, a mes\u00e9ket \u00e9s a sz\u00e9pirodalmi m\u0171veket, mint t\u00e1mogat\u00f3 eszk\u00f6z\u00f6ket \u00a0a tan\u00e1csad\u00e1s b\u00e1rmely ter\u00fclet\u00e9n \u00a0seg\u00edt\u0151 szakemberk\u00e9nt: \u00a0pszichol\u00f3gusk\u00e9nt, ment\u00e1lhigi\u00e9niai szakemberk\u00e9nt, pedag\u00f3gusk\u00e9nt, gy\u00f3gypedag\u00f3gusk\u00e9nt, szoci\u00e1lis seg\u00edt\u0151k\u00e9nt, dr\u00e1ma pedag\u00f3gusk\u00e9nt, andrag\u00f3gusk\u00e9nt,\u2026","rel":"","context":"In &quot;Cikkek&quot;","block_context":{"text":"Cikkek","link":"https:\/\/muveszetterapia.hu\/new\/blog\/category\/cikkek\/"},"img":{"alt_text":"","src":"https:\/\/i0.wp.com\/muveszetterapia.hu\/new\/wp-content\/uploads\/2025\/08\/art-therapy-training-with-online-tools-without-notes-on-picture.png?resize=350%2C200&ssl=1","width":350,"height":200,"srcset":"https:\/\/i0.wp.com\/muveszetterapia.hu\/new\/wp-content\/uploads\/2025\/08\/art-therapy-training-with-online-tools-without-notes-on-picture.png?resize=350%2C200&ssl=1 1x, https:\/\/i0.wp.com\/muveszetterapia.hu\/new\/wp-content\/uploads\/2025\/08\/art-therapy-training-with-online-tools-without-notes-on-picture.png?resize=525%2C300&ssl=1 1.5x, https:\/\/i0.wp.com\/muveszetterapia.hu\/new\/wp-content\/uploads\/2025\/08\/art-therapy-training-with-online-tools-without-notes-on-picture.png?resize=700%2C400&ssl=1 2x"},"classes":[]},{"id":497,"url":"https:\/\/muveszetterapia.hu\/new\/blog\/2017\/08\/31\/integralt-kifejezes-es-alkotasterapias-kepzes-2017-10-30-tol\/","url_meta":{"origin":324,"position":1},"title":"Integr\u00e1lt kifejez\u00e9s- \u00e9s alkot\u00e1ster\u00e1pi\u00e1s k\u00e9pz\u00e9s &#8211; 2017.10.30 &#8211; t\u00f3l","author":"Gyim\u00f3thy G\u00e1bor","date":"augusztus 31, 2017","format":false,"excerpt":"Integr\u00e1lt kifejez\u00e9s- \u00e9s alkot\u00e1ster\u00e1pi\u00e1s k\u00e9pz\u00e9s A m\u0171v\u00e9szetter\u00e1pia, a mese- \u00e9s irodalomter\u00e1pi\u00e1s eszk\u00f6z\u00f6k alkalmaz\u00e1si lehet\u0151s\u00e9gei a nevel\u00e9sben Tedd \u00e9lm\u00e9ny-telibb\u00e9 a tanul\u00e1st! B\u0151v\u00edtsd pedag\u00f3giai eszk\u00f6zt\u00e1rad \u00e9s seg\u00edtsd di\u00e1kjaidat a szem\u00e9lyis\u00e9gfejl\u0151d\u00e9sben b\u00e1rmely koroszt\u00e1llyal\u00a0foglalkozol! Ismerd meg, hogyan hasznos\u00edthatod a k\u00e9pz\u0151m\u0171v\u00e9szetet, a mes\u00e9ket \u00e9s az irodalmi alkot\u00e1sokat az \u00e9rzelmi nevel\u00e9s \u00e9s oktat\u00e1s folyam\u00e1n! B\u00e1rmely koroszt\u00e1lyhoz\u2026","rel":"","context":"In &quot;Egy\u00e9b&quot;","block_context":{"text":"Egy\u00e9b","link":"https:\/\/muveszetterapia.hu\/new\/blog\/category\/egyeb\/"},"img":{"alt_text":"","src":"https:\/\/i0.wp.com\/muveszetterapia.hu\/new\/wp-content\/uploads\/2018\/10\/C4MS9R5ZWA.jpg?resize=350%2C200&ssl=1","width":350,"height":200},"classes":[]},{"id":2568,"url":"https:\/\/muveszetterapia.hu\/new\/blog\/2025\/12\/06\/komplex-alkotasterapias-kepzes-100-ora-online-2026-01-12-2026-07-06\/","url_meta":{"origin":324,"position":2},"title":"Komplex Alkot\u00e1ster\u00e1pi\u00e1s K\u00e9pz\u00e9s &#8211; 100 \u00f3ra Online\u00a02026. 01.12 &#8211; 2026. 07.06.","author":"Gyim\u00f3thy G\u00e1bor","date":"december 6, 2025","format":false,"excerpt":"Ebben a k\u00fcl\u00f6nleges m\u00f3dszersepcifikus k\u00e9pz\u00e9sben, melyeket seg\u00edt\u0151 szakembereknek aj\u00e1nlunk, megismerheted az alkot\u00e1ster\u00e1pia, a mesedr\u00e1ma \u00e9s irodalomter\u00e1pia eszk\u00f6zeit \u00e9s alkalmaz\u00e1si lehet\u0151s\u00e9geit a seg\u00edt\u0151 folyamatokban. N\u00e1lunk az alkot\u00e1son a hangs\u00faly! Alkalmazd a k\u00e9pz\u0151m\u0171v\u00e9szetet, a mes\u00e9ket \u00e9s a sz\u00e9pirodalmi m\u0171veket, mint t\u00e1mogat\u00f3 eszk\u00f6z\u00f6ket a tan\u00e1csad\u00e1s b\u00e1rmely ter\u00fclet\u00e9n seg\u00edt\u0151 szakemberk\u00e9nt: pszichol\u00f3gusk\u00e9nt, ment\u00e1lhigi\u00e9niai szakemberk\u00e9nt, pedag\u00f3gusk\u00e9nt,\u2026","rel":"","context":"In &quot;Cikkek&quot;","block_context":{"text":"Cikkek","link":"https:\/\/muveszetterapia.hu\/new\/blog\/category\/cikkek\/"},"img":{"alt_text":"","src":"https:\/\/i0.wp.com\/muveszetterapia.hu\/new\/wp-content\/uploads\/2025\/12\/szinek-aradata-szinek-a-falakon1.jpg?resize=350%2C200&ssl=1","width":350,"height":200,"srcset":"https:\/\/i0.wp.com\/muveszetterapia.hu\/new\/wp-content\/uploads\/2025\/12\/szinek-aradata-szinek-a-falakon1.jpg?resize=350%2C200&ssl=1 1x, https:\/\/i0.wp.com\/muveszetterapia.hu\/new\/wp-content\/uploads\/2025\/12\/szinek-aradata-szinek-a-falakon1.jpg?resize=525%2C300&ssl=1 1.5x, https:\/\/i0.wp.com\/muveszetterapia.hu\/new\/wp-content\/uploads\/2025\/12\/szinek-aradata-szinek-a-falakon1.jpg?resize=700%2C400&ssl=1 2x, https:\/\/i0.wp.com\/muveszetterapia.hu\/new\/wp-content\/uploads\/2025\/12\/szinek-aradata-szinek-a-falakon1.jpg?resize=1050%2C600&ssl=1 3x, https:\/\/i0.wp.com\/muveszetterapia.hu\/new\/wp-content\/uploads\/2025\/12\/szinek-aradata-szinek-a-falakon1.jpg?resize=1400%2C800&ssl=1 4x"},"classes":[]},{"id":576,"url":"https:\/\/muveszetterapia.hu\/new\/blog\/2018\/08\/30\/integralt-kifejezes-es-alkotasterapias-kepzes-2018-oszetol\/","url_meta":{"origin":324,"position":3},"title":"Integr\u00e1lt kifejez\u00e9s- \u00e9s alkot\u00e1ster\u00e1pi\u00e1s k\u00e9pz\u00e9s 2018 \u0151sz\u00e9t\u0151l!","author":"Gyim\u00f3thy G\u00e1bor","date":"augusztus 30, 2018","format":false,"excerpt":"Integr\u00e1lt kifejez\u00e9s- \u00e9s alkot\u00e1ster\u00e1pi\u00e1s k\u00e9pz\u00e9s - 2018.11.05-t\u0151l A m\u0171v\u00e9szetter\u00e1pia, a mese- \u00e9s irodalomter\u00e1pi\u00e1s eszk\u00f6z\u00f6k alkalmaz\u00e1si lehet\u0151s\u00e9gei a nevel\u00e9sben Tedd \u00e9lm\u00e9ny telibb\u00e9 a tanul\u00e1st! B\u0151v\u00edtsd pedag\u00f3giai eszk\u00f6zt\u00e1rad \u00e9s seg\u00edtsd di\u00e1kjaidat a szem\u00e9lyis\u00e9gfejl\u0151d\u00e9sben b\u00e1rmely koroszt\u00e1llyal\u00a0foglalkozol! Ismerd meg, hogyan hasznos\u00edthatod a k\u00e9pz\u0151m\u0171v\u00e9szetet, a mes\u00e9ket \u00e9s az irodalmi alkot\u00e1sokat az \u00e9rzelmi nevel\u00e9s \u00e9s oktat\u00e1s\u2026","rel":"","context":"In &quot;Egy\u00e9b&quot;","block_context":{"text":"Egy\u00e9b","link":"https:\/\/muveszetterapia.hu\/new\/blog\/category\/egyeb\/"},"img":{"alt_text":"","src":"https:\/\/i0.wp.com\/muveszetterapia.hu\/new\/wp-content\/uploads\/2018\/10\/XKPOUM0J3J.jpg?resize=350%2C200&ssl=1","width":350,"height":200},"classes":[]},{"id":543,"url":"https:\/\/muveszetterapia.hu\/new\/blog\/2018\/04\/10\/almaink-vilaga-alom-feldolgozas-tanfolyam-aprilis-24-junius-8\/","url_meta":{"origin":324,"position":4},"title":"\u00c1lmaink vil\u00e1ga \u2013 \u00c1lomfeldolgoz\u00e1s tanfolyam  &#8211; \u00c1prilis 24 \u2013 j\u00fanius 12.","author":"Gyim\u00f3thy G\u00e1bor","date":"\u00e1prilis 10, 2018","format":false,"excerpt":"\u00c1LMAINK VIL\u00c1GA \u2013 \u00c1LOM-FELDOLGOZ\u00c1S TANFOLYAM 2018. \u00e1prilis 24 \u2013 j\u00fanius 12. Az \u00e1lmok \u00f6nmagukban nem b\u00f6lcsek \u2013 Te, Akiben t\u00f6rt\u00e9nik az \u00e1lom \u00e9s \u00f6sszerakod a mozaikkock\u00e1kat, v\u00e1lhatsz b\u00f6lccs\u00e9. \u00c9let\u00fcnk egy jelent\u0151s r\u00e9sz\u00e9t alv\u00e1ssal t\u00f6ltj\u00fck. Az \u00e1lom \u00e9lm\u00e9nye elv\u00e1laszthatatlan a j\u00f3 alv\u00e1st\u00f3l. \u00c1lomk\u00e9pek akkor is k\u00e9pz\u0151dnek, amikor nem tudunk azokra visszaeml\u00e9kezni,\u2026","rel":"","context":"In &quot;Egy\u00e9b&quot;","block_context":{"text":"Egy\u00e9b","link":"https:\/\/muveszetterapia.hu\/new\/blog\/category\/egyeb\/"},"img":{"alt_text":"","src":"https:\/\/i0.wp.com\/muveszetterapia.hu\/new\/wp-content\/uploads\/2018\/04\/alomfogo_kicsi-169x300.jpg?resize=350%2C200&ssl=1","width":350,"height":200},"classes":[]},{"id":1954,"url":"https:\/\/muveszetterapia.hu\/new\/blog\/2023\/08\/31\/komplex-alkotasterapias-kepzes-100-oras-komplex-muveszetterapias-modszerspecifikus-jelenleti-kepzes-2023-oktober-9-tol-budapesten\/","url_meta":{"origin":324,"position":5},"title":"Komplex Alkot\u00e1ster\u00e1pi\u00e1s K\u00e9pz\u00e9s  &#8211; 100 \u00f3r\u00e1s komplex m\u0171v\u00e9szetter\u00e1pi\u00e1s m\u00f3dszerspecifikus jelenl\u00e9ti k\u00e9pz\u00e9s  &#8211; 2023. okt\u00f3ber 9-t\u0151l Budapesten","author":"Gyim\u00f3thy G\u00e1bor","date":"augusztus 31, 2023","format":false,"excerpt":"Komplex Alkot\u00e1ster\u00e1pi\u00e1s K\u00e9pz\u00e9s \u00a0 100 \u00f3r\u00e1s komplex m\u0171v\u00e9szetter\u00e1pi\u00e1s m\u00f3dszerspecifikus k\u00e9pz\u00e9s\u00a0 - Jelenl\u00e9ti K\u00e9pz\u00e9s A csoportl\u00e9tsz\u00e1m\u00a0 14 f\u0151! Ebben a k\u00fcl\u00f6nleges k\u00e9pz\u00e9sben megismerheted a m\u0171v\u00e9szetter\u00e1pia, a mesedr\u00e1ma \u00e9s irodalomter\u00e1pia eszk\u00f6zeit \u00e9s alkalmaz\u00e1si lehet\u0151s\u00e9geit a seg\u00edt\u0151 folyamatokban.Alkalmazd a k\u00e9pz\u0151m\u0171v\u00e9szetet, a mes\u00e9ket \u00e9s a sz\u00e9pirodalmi m\u0171veket, mint t\u00e1mogat\u00f3 eszk\u00f6z\u00f6ket \u00a0a tan\u00e1csad\u00e1s b\u00e1rmely ter\u00fclet\u00e9n\u2026","rel":"","context":"In &quot;Cikkek&quot;","block_context":{"text":"Cikkek","link":"https:\/\/muveszetterapia.hu\/new\/blog\/category\/cikkek\/"},"img":{"alt_text":"","src":"https:\/\/i0.wp.com\/muveszetterapia.hu\/new\/wp-content\/uploads\/2023\/08\/856524_paper-pen-write-stage-art-brush-pencil-book_xl-1024-v1-0-FILEminimizer.png?resize=350%2C200&ssl=1","width":350,"height":200,"srcset":"https:\/\/i0.wp.com\/muveszetterapia.hu\/new\/wp-content\/uploads\/2023\/08\/856524_paper-pen-write-stage-art-brush-pencil-book_xl-1024-v1-0-FILEminimizer.png?resize=350%2C200&ssl=1 1x, https:\/\/i0.wp.com\/muveszetterapia.hu\/new\/wp-content\/uploads\/2023\/08\/856524_paper-pen-write-stage-art-brush-pencil-book_xl-1024-v1-0-FILEminimizer.png?resize=525%2C300&ssl=1 1.5x, https:\/\/i0.wp.com\/muveszetterapia.hu\/new\/wp-content\/uploads\/2023\/08\/856524_paper-pen-write-stage-art-brush-pencil-book_xl-1024-v1-0-FILEminimizer.png?resize=700%2C400&ssl=1 2x"},"classes":[]}],"_links":{"self":[{"href":"https:\/\/muveszetterapia.hu\/new\/wp-json\/wp\/v2\/posts\/324","targetHints":{"allow":["GET"]}}],"collection":[{"href":"https:\/\/muveszetterapia.hu\/new\/wp-json\/wp\/v2\/posts"}],"about":[{"href":"https:\/\/muveszetterapia.hu\/new\/wp-json\/wp\/v2\/types\/post"}],"author":[{"embeddable":true,"href":"https:\/\/muveszetterapia.hu\/new\/wp-json\/wp\/v2\/users\/2"}],"replies":[{"embeddable":true,"href":"https:\/\/muveszetterapia.hu\/new\/wp-json\/wp\/v2\/comments?post=324"}],"version-history":[{"count":1,"href":"https:\/\/muveszetterapia.hu\/new\/wp-json\/wp\/v2\/posts\/324\/revisions"}],"predecessor-version":[{"id":1816,"href":"https:\/\/muveszetterapia.hu\/new\/wp-json\/wp\/v2\/posts\/324\/revisions\/1816"}],"wp:featuredmedia":[{"embeddable":true,"href":"https:\/\/muveszetterapia.hu\/new\/wp-json\/wp\/v2\/media\/1479"}],"wp:attachment":[{"href":"https:\/\/muveszetterapia.hu\/new\/wp-json\/wp\/v2\/media?parent=324"}],"wp:term":[{"taxonomy":"category","embeddable":true,"href":"https:\/\/muveszetterapia.hu\/new\/wp-json\/wp\/v2\/categories?post=324"},{"taxonomy":"post_tag","embeddable":true,"href":"https:\/\/muveszetterapia.hu\/new\/wp-json\/wp\/v2\/tags?post=324"}],"curies":[{"name":"wp","href":"https:\/\/api.w.org\/{rel}","templated":true}]}}