{"id":23,"date":"2014-02-18T10:23:22","date_gmt":"2014-02-18T10:23:22","guid":{"rendered":"http:\/\/www.muveszetterapia.hu\/wp\/?p=23"},"modified":"2014-02-18T10:23:22","modified_gmt":"2014-02-18T10:23:22","slug":"nyari-intenziv-kreativ-het","status":"publish","type":"post","link":"https:\/\/muveszetterapia.hu\/new\/blog\/2014\/02\/18\/nyari-intenziv-kreativ-het\/","title":{"rendered":"Ny\u00e1ri intenz\u00edv kreat\u00edv h\u00e9t"},"content":{"rendered":"<h3 style=\"padding-left: 30px\">Mi a c\u00e9lod? Merre tartasz? &#8211; c\u00edmmel<\/h3>\n<p style=\"padding-left: 30px\"><span style=\"color: #333333\">5 napos intenz\u00edv <strong><span style=\"text-decoration: underline\"><span style=\"color: #993366;text-decoration: underline\">kreat\u00edv \u00f6nismereti tr\u00e9ning<\/span><\/span><\/strong> indul feln\u0151ttek sz\u00e1m\u00e1ra a ny\u00e1ron!<\/span><\/p>\n<p style=\"padding-left: 30px\"><a href=\"https:\/\/muveszetterapia.hu\/new\/wp-content\/uploads\/2014\/02\/kaleid1.jpg\"><img loading=\"lazy\" decoding=\"async\" class=\"size-medium wp-image-24 alignleft\" alt=\"kaleid1\" src=\"https:\/\/muveszetterapia.hu\/new\/wp-content\/uploads\/2014\/02\/kaleid1-168x300.jpg\" width=\"168\" height=\"300\" \/><\/a><\/p>\n<h4 style=\"padding-left: 30px\"><span style=\"color: #008080\">Tervezett id\u0151pontok: <span style=\"text-decoration: underline\">2014. j\u00falius 7-11. \u00e9s j\u00falius 21-25<\/span>.<\/span><\/h4>\n<p style=\"padding-left: 30px\">A csoportfoglalkoz\u00e1sok <strong>9.00-16.00<\/strong>\u00a0\u00f3r\u00e1ig tartanak.<\/p>\n<blockquote>\n<blockquote><p><span style=\"line-height: 1.5em\">A tr\u00e9ning alkalm\u00e1val <\/span><a style=\"line-height: 1.5em\" title=\"A m\u0171v\u00e9szetter\u00e1pi\u00e1r\u00f3l\" href=\"http:\/\/www.muveszetterapia.hu\/wp\/?page_id=2\"><strong><span style=\"color: #ff9900;text-decoration: underline\">m\u0171v\u00e9szetter\u00e1pi\u00e1s<\/span><\/strong><\/a><span style=\"line-height: 1.5em\"> eszk\u00f6z\u00f6kkel dolgozunk. Ez azt jelenti, hogy rajzi eszk\u00f6z\u00f6ket haszn\u00e1lunk az \u00f6nismereti t\u00e9m\u00e1k f\u00f6ldolgoz\u00e1s\u00e1ban. Semmif\u00e9le rajzos, m\u0171v\u00e9szeti el\u0151k\u00e9pzetts\u00e9gre nincsen sz\u00fcks\u00e9g, csup\u00e1n alkot\u00f3kedvre!<\/span><br \/>\n<strong style=\"line-height: 1.5em\">A program c\u00e9lja:<\/strong><br \/>\n&#8211; lecsendesed\u00e9s, meg\u00e1ll\u00e1s<br \/>\n&#8211; bels\u0151 er\u0151forr\u00e1saink f\u00f6lfedez\u00e9se, \u00fajragondol\u00e1sa<br \/>\n&#8211; r\u00f6videbb &#8211; hosszabb t\u00e1v\u00fa terveink, c\u00e9ljaink kimunk\u00e1l\u00e1sa<br \/>\n&#8211; a szem\u00e9lyes motiv\u00e1ci\u00f3k tiszt\u00e1z\u00e1sa, meg\u00e9l\u00e9se &#8211; legyen sz\u00f3 p\u00e1rkapcsolatr\u00f3l, munk\u00e1r\u00f3l, hivat\u00e1sr\u00f3l, konfliktusokr\u00f3l<\/p><\/blockquote>\n<blockquote><p>Ehhez a munk\u00e1hoz a rajzos, kreat\u00edv eszk\u00f6z\u00f6k olyan seg\u00edts\u00e9get ny\u00fajtanak, ami mindennapjainkban haszn\u00e1lt racionalit\u00e1sunk mellett \u00e9rzelmeinket, intu\u00edci\u00f3nkat is megmozgatja. \u00cdgy nemcsak akt\u00edv felfriss\u00fcl\u00e9sben lehet r\u00e9sz\u00fcnk, hanem<strong> \u00e9let\u00fcnk biztosabb alapjait is megtal\u00e1lhatjuk<\/strong>.<\/p><\/blockquote>\n<\/blockquote>\n<p style=\"padding-left: 30px\">Az egy hetes tr\u00e9ning \u00e1ra: 45.000.-\/f\u0151<\/p>\n<p style=\"padding-left: 30px\">Helysz\u00edn: Budapest, II. ker\u00fclet, Budai h\u00eddf\u0151n\u00e9l<\/p>\n<p style=\"padding-left: 30px\">Helyben konyha, a k\u00f6zvetlen k\u00f6zelben eb\u00e9del\u00e9si lehet\u0151s\u00e9g.<\/p>\n<p style=\"padding-left: 30px\">A tr\u00e9ninget Gyim\u00f3thy G\u00e1bor ment\u00e1lhigi\u00e9n\u00e9s szakember, m\u0171v\u00e9szetterapeuta vezeti.<\/p>\n<p style=\"padding-left: 30px\">B\u0151vebb inform\u00e1ci\u00f3: kepzomuveszetterapia@gmail.com;\u00a020\/258 1884<\/p>\n<p style=\"padding-left: 30px\"><em>fot\u00f3: Gyim\u00f3thy G\u00e1bor<\/em><\/p>\n<p style=\"padding-left: 30px\">\n","protected":false},"excerpt":{"rendered":"<p>Mi a c\u00e9lod? Merre tartasz? &#8211; c\u00edmmel 5 napos intenz\u00edv kreat\u00edv \u00f6nismereti tr\u00e9ning indul feln\u0151ttek sz\u00e1m\u00e1ra a ny\u00e1ron! Tervezett id\u0151pontok: 2014. j\u00falius 7-11. \u00e9s j\u00falius&hellip; <\/p>\n","protected":false},"author":2,"featured_media":0,"comment_status":"open","ping_status":"open","sticky":false,"template":"","format":"standard","meta":{"_jetpack_memberships_contains_paid_content":false,"footnotes":""},"categories":[5],"tags":[12,3,13,14,15,9,16,10,17,18,11,19],"class_list":["post-23","post","type-post","status-publish","format-standard","hentry","category-egyeb","tag-2014-nyar","tag-alkotas","tag-cel","tag-celkituzes","tag-intenziv","tag-kreativ-foglalkozas","tag-kreativ-onismereti-csoport","tag-muveszetterapia","tag-onismeret","tag-onismereti-csoport","tag-rajz","tag-trening"],"jetpack_featured_media_url":"","jetpack_sharing_enabled":true,"jetpack-related-posts":[{"id":173,"url":"https:\/\/muveszetterapia.hu\/new\/blog\/2014\/02\/21\/szeretettel-koszontjuk\/","url_meta":{"origin":23,"position":0},"title":"A m\u0171v\u00e9szetter\u00e1pi\u00e1r\u00f3l r\u00f6viden","author":"Gyim\u00f3thy G\u00e1bor","date":"febru\u00e1r 21, 2014","format":false,"excerpt":"Szeretettel k\u00f6sz\u00f6ntj\u00fck! A m\u0171v\u00e9szetter\u00e1pia, mely lehet k\u00e9pz\u0151m\u0171v\u00e9szet-ter\u00e1pia, zene-ter\u00e1pia, mozg\u00e1s-ter\u00e1pia, olyan kreat\u00edv tev\u00e9kenys\u00e9g, mely sor\u00e1n az alkot\u00f3 illetve befogad\u00f3 szem\u00e9ly szavakkal alig \u00a0vagy \u00a0nem \u00a0kifejezhet\u0151 tartalmakkal tal\u00e1lkozik. P\u00e9ld\u00e1ul nehezen megfogalmazhat\u00f3 \u00e9rzelmekkel, eml\u00e9kekkel, konfliktusokkal, gondolatokkal. Ezeket a tapasztalatokat tudatos\u00edthatja a r\u00e9sztvev\u0151 mag\u00e1ban\u00a0 k\u00e9zzelfoghat\u00f3 alkot\u00e1s (rajz, festm\u00e9ny, zene, mozdulat, t\u00e1nc) seg\u00edts\u00e9g\u00e9vel, \u00e9s ak\u00e1r\u2026","rel":"","context":"In &quot;Egy\u00e9b&quot;","block_context":{"text":"Egy\u00e9b","link":"https:\/\/muveszetterapia.hu\/new\/blog\/category\/egyeb\/"},"img":{"alt_text":"","src":"https:\/\/i0.wp.com\/muveszetterapia.hu\/new\/wp-content\/uploads\/2014\/02\/kozosrajz.jpg?resize=350%2C200&ssl=1","width":350,"height":200,"srcset":"https:\/\/i0.wp.com\/muveszetterapia.hu\/new\/wp-content\/uploads\/2014\/02\/kozosrajz.jpg?resize=350%2C200&ssl=1 1x, https:\/\/i0.wp.com\/muveszetterapia.hu\/new\/wp-content\/uploads\/2014\/02\/kozosrajz.jpg?resize=525%2C300&ssl=1 1.5x"},"classes":[]},{"id":2568,"url":"https:\/\/muveszetterapia.hu\/new\/blog\/2025\/12\/06\/komplex-alkotasterapias-kepzes-100-ora-online-2026-01-12-2026-07-06\/","url_meta":{"origin":23,"position":1},"title":"Komplex Alkot\u00e1ster\u00e1pi\u00e1s K\u00e9pz\u00e9s &#8211; 100 \u00f3ra Online\u00a02026. 01.12 &#8211; 2026. 07.06.","author":"Gyim\u00f3thy G\u00e1bor","date":"december 6, 2025","format":false,"excerpt":"Ebben a k\u00fcl\u00f6nleges m\u00f3dszersepcifikus k\u00e9pz\u00e9sben, melyeket seg\u00edt\u0151 szakembereknek aj\u00e1nlunk, megismerheted az alkot\u00e1ster\u00e1pia, a mesedr\u00e1ma \u00e9s irodalomter\u00e1pia eszk\u00f6zeit \u00e9s alkalmaz\u00e1si lehet\u0151s\u00e9geit a seg\u00edt\u0151 folyamatokban. N\u00e1lunk az alkot\u00e1son a hangs\u00faly! Alkalmazd a k\u00e9pz\u0151m\u0171v\u00e9szetet, a mes\u00e9ket \u00e9s a sz\u00e9pirodalmi m\u0171veket, mint t\u00e1mogat\u00f3 eszk\u00f6z\u00f6ket a tan\u00e1csad\u00e1s b\u00e1rmely ter\u00fclet\u00e9n seg\u00edt\u0151 szakemberk\u00e9nt: pszichol\u00f3gusk\u00e9nt, ment\u00e1lhigi\u00e9niai szakemberk\u00e9nt, pedag\u00f3gusk\u00e9nt,\u2026","rel":"","context":"In &quot;Cikkek&quot;","block_context":{"text":"Cikkek","link":"https:\/\/muveszetterapia.hu\/new\/blog\/category\/cikkek\/"},"img":{"alt_text":"","src":"https:\/\/i0.wp.com\/muveszetterapia.hu\/new\/wp-content\/uploads\/2025\/12\/szinek-aradata-szinek-a-falakon1.jpg?resize=350%2C200&ssl=1","width":350,"height":200,"srcset":"https:\/\/i0.wp.com\/muveszetterapia.hu\/new\/wp-content\/uploads\/2025\/12\/szinek-aradata-szinek-a-falakon1.jpg?resize=350%2C200&ssl=1 1x, https:\/\/i0.wp.com\/muveszetterapia.hu\/new\/wp-content\/uploads\/2025\/12\/szinek-aradata-szinek-a-falakon1.jpg?resize=525%2C300&ssl=1 1.5x, https:\/\/i0.wp.com\/muveszetterapia.hu\/new\/wp-content\/uploads\/2025\/12\/szinek-aradata-szinek-a-falakon1.jpg?resize=700%2C400&ssl=1 2x, https:\/\/i0.wp.com\/muveszetterapia.hu\/new\/wp-content\/uploads\/2025\/12\/szinek-aradata-szinek-a-falakon1.jpg?resize=1050%2C600&ssl=1 3x, https:\/\/i0.wp.com\/muveszetterapia.hu\/new\/wp-content\/uploads\/2025\/12\/szinek-aradata-szinek-a-falakon1.jpg?resize=1400%2C800&ssl=1 4x"},"classes":[]},{"id":1877,"url":"https:\/\/muveszetterapia.hu\/new\/blog\/2021\/12\/30\/komplex-alkotasterapias-kepzes-online\/","url_meta":{"origin":23,"position":2},"title":"Komplex Alkot\u00e1ster\u00e1pi\u00e1s K\u00e9pz\u00e9s &#8211; online 2022.01.24- t\u0151l","author":"Gyim\u00f3thy G\u00e1bor","date":"december 30, 2021","format":false,"excerpt":"90 \u00f3r\u00e1s komplex m\u0171v\u00e9szetter\u00e1pi\u00e1s m\u00f3dszerspecifikus k\u00e9pz\u00e9s - Online Ebben a k\u00fcl\u00f6nleges k\u00e9pz\u00e9sben megismerheted a m\u0171v\u00e9szetter\u00e1pia, a mesedr\u00e1ma \u00e9s irodalomter\u00e1pia eszk\u00f6zeit \u00e9s alkalmaz\u00e1si lehet\u0151s\u00e9geit a seg\u00edt\u0151 folyamatokban. Alkalmazd a k\u00e9pz\u0151m\u0171v\u00e9szetet, a mes\u00e9ket \u00e9s a sz\u00e9pirodalmi m\u0171veket, mint t\u00e1mogat\u00f3 eszk\u00f6z\u00f6ket \u00a0a tan\u00e1csad\u00e1s b\u00e1rmely ter\u00fclet\u00e9n \u00a0seg\u00edt\u0151 szakemberk\u00e9nt: tan\u00e1csad\u00f3k\u00e9nt, pszichol\u00f3gusk\u00e9nt, coachk\u00e9nt, gy\u00f3gypedag\u00f3gusk\u00e9nt, dr\u00e1ma pedag\u00f3gusk\u00e9nt.\u2026","rel":"","context":"In &quot;Cikkek&quot;","block_context":{"text":"Cikkek","link":"https:\/\/muveszetterapia.hu\/new\/blog\/category\/cikkek\/"},"img":{"alt_text":"","src":"https:\/\/i0.wp.com\/muveszetterapia.hu\/new\/wp-content\/uploads\/2018\/10\/OBU5ZAY01H.jpg?resize=350%2C200&ssl=1","width":350,"height":200},"classes":[]},{"id":2166,"url":"https:\/\/muveszetterapia.hu\/new\/blog\/2024\/12\/04\/2025-januarjaban-indul-a-muveszetterapias-onfejleszto-muhely\/","url_meta":{"origin":23,"position":3},"title":"HAMAROSAN &#8211; 2025 elej\u00e9n indul a M\u0171v\u00e9szetter\u00e1pi\u00e1s \u00d6nfejleszt\u0151 M\u0171hely!","author":"Gyim\u00f3thy G\u00e1bor","date":"december 4, 2024","format":false,"excerpt":"HAMAROSAN - 2025 elej\u00e9n indul a M\u0171v\u00e9szetter\u00e1pi\u00e1s \u00d6nfejleszt\u0151 M\u0171hely! Neked k\u00e9sz\u00edtem a gyakorlatokat, ha felt\u00f6lt\u0151d\u00e9sre v\u00e1gysz; ha szeretn\u00e9d hat\u00e9konyabban v\u00e9gezni a feladataidat; ha szeretn\u00e9l el\u00e9gedettebb lenni az \u00e9leteddel; ha elakadt\u00e1l; ha szeretn\u00e9d igazi motiv\u00e1ci\u00f3idat megtal\u00e1lni; ha boldogabb kapcsolatban szeretn\u00e9l \u00e9lni; ha egyszer\u0171en szeretn\u00e9d jobban \u00e9rezni magadat a b\u0151r\u00f6dben. Egy kis\u2026","rel":"","context":"In &quot;Cikkek&quot;","block_context":{"text":"Cikkek","link":"https:\/\/muveszetterapia.hu\/new\/blog\/category\/cikkek\/"},"img":{"alt_text":"","src":"https:\/\/i0.wp.com\/muveszetterapia.hu\/new\/wp-content\/uploads\/2024\/12\/Designer233.jpeg?resize=350%2C200&ssl=1","width":350,"height":200,"srcset":"https:\/\/i0.wp.com\/muveszetterapia.hu\/new\/wp-content\/uploads\/2024\/12\/Designer233.jpeg?resize=350%2C200&ssl=1 1x, https:\/\/i0.wp.com\/muveszetterapia.hu\/new\/wp-content\/uploads\/2024\/12\/Designer233.jpeg?resize=525%2C300&ssl=1 1.5x, https:\/\/i0.wp.com\/muveszetterapia.hu\/new\/wp-content\/uploads\/2024\/12\/Designer233.jpeg?resize=700%2C400&ssl=1 2x"},"classes":[]},{"id":2339,"url":"https:\/\/muveszetterapia.hu\/new\/blog\/2025\/08\/13\/komplex-alkotasterapias-kepzes-100-ora-online-2025-10-06-2026-04-27\/","url_meta":{"origin":23,"position":4},"title":"Komplex Alkot\u00e1ster\u00e1pi\u00e1s K\u00e9pz\u00e9s &#8211; 100 \u00f3ra Online\u00a02025. 10.06 &#8211; 2026. 04.27.","author":"Gyim\u00f3thy G\u00e1bor","date":"augusztus 13, 2025","format":false,"excerpt":"Ebben a k\u00fcl\u00f6nleges k\u00e9pz\u00e9sben megismerheted az alkot\u00e1ster\u00e1pia, a mesedr\u00e1ma \u00e9s irodalomter\u00e1pia eszk\u00f6zeit \u00e9s alkalmaz\u00e1si lehet\u0151s\u00e9geit a seg\u00edt\u0151 folyamatokban. N\u00e1lunk az alkot\u00e1son a hangs\u00faly!Alkalmazd a k\u00e9pz\u0151m\u0171v\u00e9szetet, a mes\u00e9ket \u00e9s a sz\u00e9pirodalmi m\u0171veket, mint t\u00e1mogat\u00f3 eszk\u00f6z\u00f6ket \u00a0a tan\u00e1csad\u00e1s b\u00e1rmely ter\u00fclet\u00e9n \u00a0seg\u00edt\u0151 szakemberk\u00e9nt: \u00a0pszichol\u00f3gusk\u00e9nt, ment\u00e1lhigi\u00e9niai szakemberk\u00e9nt, pedag\u00f3gusk\u00e9nt, gy\u00f3gypedag\u00f3gusk\u00e9nt, szoci\u00e1lis seg\u00edt\u0151k\u00e9nt, dr\u00e1ma pedag\u00f3gusk\u00e9nt, andrag\u00f3gusk\u00e9nt,\u2026","rel":"","context":"In &quot;Cikkek&quot;","block_context":{"text":"Cikkek","link":"https:\/\/muveszetterapia.hu\/new\/blog\/category\/cikkek\/"},"img":{"alt_text":"","src":"https:\/\/i0.wp.com\/muveszetterapia.hu\/new\/wp-content\/uploads\/2025\/08\/art-therapy-training-with-online-tools-without-notes-on-picture.png?resize=350%2C200&ssl=1","width":350,"height":200,"srcset":"https:\/\/i0.wp.com\/muveszetterapia.hu\/new\/wp-content\/uploads\/2025\/08\/art-therapy-training-with-online-tools-without-notes-on-picture.png?resize=350%2C200&ssl=1 1x, https:\/\/i0.wp.com\/muveszetterapia.hu\/new\/wp-content\/uploads\/2025\/08\/art-therapy-training-with-online-tools-without-notes-on-picture.png?resize=525%2C300&ssl=1 1.5x, https:\/\/i0.wp.com\/muveszetterapia.hu\/new\/wp-content\/uploads\/2025\/08\/art-therapy-training-with-online-tools-without-notes-on-picture.png?resize=700%2C400&ssl=1 2x"},"classes":[]},{"id":1959,"url":"https:\/\/muveszetterapia.hu\/new\/blog\/2023\/09\/01\/onismereti-utazas-a-muveszetterapia-segitsegevel-online-forma-zoom-es-jelenleti-forma-2023-szeptember-vegetol-oktober-elejetol\/","url_meta":{"origin":23,"position":5},"title":"M\u0171v\u00e9szetter\u00e1pi\u00e1s \u00f6nismereti csoport &#8211; \u00d6nismereti utaz\u00e1s a m\u0171v\u00e9szetter\u00e1pia seg\u00edts\u00e9g\u00e9vel \u2013 jelenl\u00e9ti forma \u2013 2023. okt\u00f3ber 11-t\u0151l &#8211; A csoport elindult","author":"Gyim\u00f3thy G\u00e1bor","date":"szeptember 1, 2023","format":false,"excerpt":"M\u0171v\u00e9szetter\u00e1pi\u00e1s \u00f6nismereti csoport - \u00d6nismereti utaz\u00e1s a m\u0171v\u00e9szetter\u00e1pia seg\u00edts\u00e9g\u00e9vel \u2013 jelenl\u00e9ti forma \u2013 2023. okt\u00f3ber 11- t\u0151l Ha m\u00e9g nem tal\u00e1lkozt\u00e1l a m\u0171v\u00e9szetter\u00e1pi\u00e1val \u00e9s szeretn\u00e9d megismeri a m\u00f3dszert \u00fagy, hogy k\u00f6zben Magadat is m\u00e9lyebben f\u00f6lfedezheted, elfogadhatod, akkor itt a helyed. Vagy, ha ismer\u0151s a m\u0171v\u00e9szetter\u00e1pia \u00e9s szeretn\u00e9l tov\u00e1bb haladni \u00f6nismereti\u2026","rel":"","context":"In &quot;Cikkek&quot;","block_context":{"text":"Cikkek","link":"https:\/\/muveszetterapia.hu\/new\/blog\/category\/cikkek\/"},"img":{"alt_text":"","src":"https:\/\/i0.wp.com\/muveszetterapia.hu\/new\/wp-content\/uploads\/2023\/09\/0_art-pictures-paper-pencil-color-room-creation_esrgan-v1-x2plus-FILEminimizer.png?resize=350%2C200&ssl=1","width":350,"height":200,"srcset":"https:\/\/i0.wp.com\/muveszetterapia.hu\/new\/wp-content\/uploads\/2023\/09\/0_art-pictures-paper-pencil-color-room-creation_esrgan-v1-x2plus-FILEminimizer.png?resize=350%2C200&ssl=1 1x, https:\/\/i0.wp.com\/muveszetterapia.hu\/new\/wp-content\/uploads\/2023\/09\/0_art-pictures-paper-pencil-color-room-creation_esrgan-v1-x2plus-FILEminimizer.png?resize=525%2C300&ssl=1 1.5x, https:\/\/i0.wp.com\/muveszetterapia.hu\/new\/wp-content\/uploads\/2023\/09\/0_art-pictures-paper-pencil-color-room-creation_esrgan-v1-x2plus-FILEminimizer.png?resize=700%2C400&ssl=1 2x"},"classes":[]}],"_links":{"self":[{"href":"https:\/\/muveszetterapia.hu\/new\/wp-json\/wp\/v2\/posts\/23","targetHints":{"allow":["GET"]}}],"collection":[{"href":"https:\/\/muveszetterapia.hu\/new\/wp-json\/wp\/v2\/posts"}],"about":[{"href":"https:\/\/muveszetterapia.hu\/new\/wp-json\/wp\/v2\/types\/post"}],"author":[{"embeddable":true,"href":"https:\/\/muveszetterapia.hu\/new\/wp-json\/wp\/v2\/users\/2"}],"replies":[{"embeddable":true,"href":"https:\/\/muveszetterapia.hu\/new\/wp-json\/wp\/v2\/comments?post=23"}],"version-history":[{"count":0,"href":"https:\/\/muveszetterapia.hu\/new\/wp-json\/wp\/v2\/posts\/23\/revisions"}],"wp:attachment":[{"href":"https:\/\/muveszetterapia.hu\/new\/wp-json\/wp\/v2\/media?parent=23"}],"wp:term":[{"taxonomy":"category","embeddable":true,"href":"https:\/\/muveszetterapia.hu\/new\/wp-json\/wp\/v2\/categories?post=23"},{"taxonomy":"post_tag","embeddable":true,"href":"https:\/\/muveszetterapia.hu\/new\/wp-json\/wp\/v2\/tags?post=23"}],"curies":[{"name":"wp","href":"https:\/\/api.w.org\/{rel}","templated":true}]}}